{"id":2631,"date":"2025-03-25T22:50:04","date_gmt":"2025-03-25T22:50:04","guid":{"rendered":"https:\/\/viadinaricakosovo.com\/research-expedition-in-via-dinarica-kosovo\/"},"modified":"2025-03-25T22:50:04","modified_gmt":"2025-03-25T22:50:04","slug":"research-expedition-in-via-dinarica-kosovo","status":"publish","type":"post","link":"https:\/\/viadinaricakosovo.com\/sq\/research-expedition-in-via-dinarica-kosovo\/","title":{"rendered":"Research Expedition in Via Dinarica Kosovo"},"content":{"rendered":"[vc_row type=&#8221;in_container&#8221; full_screen_row_position=&#8221;middle&#8221; column_margin=&#8221;default&#8221; column_direction=&#8221;default&#8221; column_direction_tablet=&#8221;default&#8221; column_direction_phone=&#8221;default&#8221; scene_position=&#8221;center&#8221; text_color=&#8221;dark&#8221; text_align=&#8221;left&#8221; row_border_radius=&#8221;none&#8221; row_border_radius_applies=&#8221;bg&#8221; overflow=&#8221;visible&#8221; overlay_strength=&#8221;0.3&#8243; gradient_direction=&#8221;left_to_right&#8221; shape_divider_position=&#8221;bottom&#8221; bg_image_animation=&#8221;none&#8221;][vc_column column_padding=&#8221;no-extra-padding&#8221; column_padding_tablet=&#8221;inherit&#8221; column_padding_phone=&#8221;inherit&#8221; column_padding_position=&#8221;all&#8221; column_element_direction_desktop=&#8221;default&#8221; column_element_spacing=&#8221;default&#8221; desktop_text_alignment=&#8221;default&#8221; tablet_text_alignment=&#8221;default&#8221; phone_text_alignment=&#8221;default&#8221; background_color_opacity=&#8221;1&#8243; background_hover_color_opacity=&#8221;1&#8243; column_backdrop_filter=&#8221;none&#8221; column_shadow=&#8221;none&#8221; column_border_radius=&#8221;none&#8221; column_link_target=&#8221;_self&#8221; column_position=&#8221;default&#8221; gradient_direction=&#8221;left_to_right&#8221; overlay_strength=&#8221;0.3&#8243; width=&#8221;1\/1&#8243; tablet_width_inherit=&#8221;default&#8221; animation_type=&#8221;default&#8221; bg_image_animation=&#8221;none&#8221; border_type=&#8221;simple&#8221; column_border_width=&#8221;none&#8221; column_border_style=&#8221;solid&#8221;][vc_column_text css=&#8221;&#8221; text_direction=&#8221;default&#8221;]\r\n\r\n<div class=\"post-content\" data-hide-featured-media=\"0\">\r\n<div class=\"content-inner\">\r\n<p>As part of the NaturKosovo project, supported by the Italian Agency for Development Cooperation (AICS) and the Italian Embassy in Pristina, an important milestone was marked last week through an extensive expedition into the captivating trails of Via Dinarica in Kosovo.<\/p>\r\n\r\n<p>This activity represents not only a journey through unspoiled nature but also a significant step towards strengthening connections between the project\u2019s stakeholders and the local communities, while promoting the rich natural and cultural heritage of this extraordinary region.<\/p>\r\n\r\n<p>From August 19 to August 26, 2024, a team responsible for trail content creation, including guides, photographers, videographers, and writers, led by the only local organization involved, &#8220;Utalaya Foundation,&#8221; and supported by members of the Italian NGO &#8220;Volontari nel Mondo RTM,&#8221; began preparatory work for the development of a website and a hiking guidebook for the Via Dinarica trails in Kosovo.<\/p>\r\n\r\n\r\n\r\n<figure class=\"wp-block-gallery has-nested-images columns-default is-cropped wp-block-gallery-1 is-layout-flex wp-block-gallery-is-layout-flex\">\r\n<figure class=\"wp-block-image aligncenter size-large\"><img decoding=\"async\" data-id=\"2501\" class=\"wp-image-2501\" src=\"https:\/\/utalayafoundation.org\/wp-content\/uploads\/2024\/10\/1.6-1024x576.jpg\" alt=\"\" \/>\r\n<figcaption class=\"wp-element-caption\"><\/figcaption>\r\n<\/figure>\r\n\r\n\r\n\r\n<figure class=\"wp-block-image size-large\"><img decoding=\"async\" data-id=\"2499\" class=\"wp-image-2499\" src=\"https:\/\/utalayafoundation.org\/wp-content\/uploads\/2024\/10\/1.7-1024x576.jpg\" alt=\"\" \/>\r\n<figcaption class=\"wp-element-caption\"><\/figcaption>\r\n<\/figure>\r\n\r\n\r\n\r\n<figure class=\"wp-block-image size-large\"><img decoding=\"async\" data-id=\"2498\" class=\"wp-image-2498\" src=\"https:\/\/utalayafoundation.org\/wp-content\/uploads\/2024\/10\/1.4-1024x683.jpg\" alt=\"\" \/><\/figure>\r\n\r\n\r\n\r\n<figure class=\"wp-block-image size-large\"><img decoding=\"async\" data-id=\"2497\" class=\"wp-image-2497\" src=\"https:\/\/utalayafoundation.org\/wp-content\/uploads\/2024\/10\/1.3-1-1024x683.jpg\" alt=\"\" \/><\/figure>\r\n\r\n\r\n\r\n<figure class=\"wp-block-image size-large\"><img decoding=\"async\" data-id=\"2496\" class=\"wp-image-2496\" src=\"https:\/\/utalayafoundation.org\/wp-content\/uploads\/2024\/10\/459606397_520321200748963_5937465228664914018_n-1-1024x683.jpg\" alt=\"\" \/><\/figure>\r\n\r\n\r\n\r\n<figure class=\"wp-block-image aligncenter size-large\"><img decoding=\"async\" data-id=\"2500\" class=\"wp-image-2500\" src=\"https:\/\/utalayafoundation.org\/wp-content\/uploads\/2024\/10\/Photo-1.1-1024x576.jpg\" alt=\"\" \/>\r\n<figcaption class=\"wp-element-caption\"><\/figcaption>\r\n<\/figure>\r\n\r\n\r\n\r\n<figure class=\"wp-block-image size-large is-style-rounded\"><img decoding=\"async\" data-id=\"2495\" class=\"wp-image-2495\" src=\"https:\/\/utalayafoundation.org\/wp-content\/uploads\/2024\/10\/1.5-1-1024x576.jpg\" alt=\"\" \/>\r\n<figcaption class=\"wp-element-caption\"><\/figcaption>\r\n<\/figure>\r\n<\/figure>\r\n\r\n<p>An 8-day trek was organized from Peja to Junik, passing through the municipality of De\u00e7an and key locations such as Lipa, Stedim, Hajla, Boga, Haxhaj, Kuqisht\u00eb, Milishevc, the Bjeshk\u00ebt e Gacaferrit, and Gropa e Erenikut, culminating in Koshare.<\/p>\r\n\r\n<p>This activity was essential for gathering information about the Via Dinarica trails, which will be featured on the website and in the hiking guidebook.<\/p>\r\n\r\n<p>\u201cThese two communication tools will promote the trails, the natural heritage, and the services provided by local communities along the Via Dinarica in Kosovo.&#8221;<\/p>\r\n\r\n<p>The Via Dinarica trails traverse the high mountain ranges of the Dinaric Alps, stretching from Slovenia to Albania, passing through the heart of several Western Balkan countries.<\/p>\r\n\r\n\r\n\r\n<p><\/p>\r\n<\/div>\r\n<\/div>\r\n[\/vc_column_text][\/vc_column][\/vc_row]","protected":false},"excerpt":{"rendered":"<p>[vc_row type=&#8221;in_container&#8221; full_screen_row_position=&#8221;middle&#8221; column_margin=&#8221;default&#8221; column_direction=&#8221;default&#8221; column_direction_tablet=&#8221;default&#8221; column_direction_phone=&#8221;default&#8221; scene_position=&#8221;center&#8221; text_color=&#8221;dark&#8221; text_align=&#8221;left&#8221; row_border_radius=&#8221;none&#8221; row_border_radius_applies=&#8221;bg&#8221; overflow=&#8221;visible&#8221; overlay_strength=&#8221;0.3&#8243; gradient_direction=&#8221;left_to_right&#8221; shape_divider_position=&#8221;bottom&#8221; bg_image_animation=&#8221;none&#8221;][vc_column column_padding=&#8221;no-extra-padding&#8221; column_padding_tablet=&#8221;inherit&#8221; column_padding_phone=&#8221;inherit&#8221; column_padding_position=&#8221;all&#8221; column_element_direction_desktop=&#8221;default&#8221; column_element_spacing=&#8221;default&#8221; desktop_text_alignment=&#8221;default&#8221; tablet_text_alignment=&#8221;default&#8221; phone_text_alignment=&#8221;default&#8221; background_color_opacity=&#8221;1&#8243; background_hover_color_opacity=&#8221;1&#8243; column_backdrop_filter=&#8221;none&#8221; column_shadow=&#8221;none&#8221;&#8230;<\/p>\n","protected":false},"author":1,"featured_media":2420,"comment_status":"closed","ping_status":"closed","sticky":false,"template":"","format":"standard","meta":{"_acf_changed":false,"footnotes":""},"categories":[44],"tags":[],"class_list":{"0":"post-2631","1":"post","2":"type-post","3":"status-publish","4":"format-standard","5":"has-post-thumbnail","7":"category-calls"},"acf":[],"aioseo_notices":[],"_links":{"self":[{"href":"https:\/\/viadinaricakosovo.com\/sq\/wp-json\/wp\/v2\/posts\/2631","targetHints":{"allow":["GET"]}}],"collection":[{"href":"https:\/\/viadinaricakosovo.com\/sq\/wp-json\/wp\/v2\/posts"}],"about":[{"href":"https:\/\/viadinaricakosovo.com\/sq\/wp-json\/wp\/v2\/types\/post"}],"author":[{"embeddable":true,"href":"https:\/\/viadinaricakosovo.com\/sq\/wp-json\/wp\/v2\/users\/1"}],"replies":[{"embeddable":true,"href":"https:\/\/viadinaricakosovo.com\/sq\/wp-json\/wp\/v2\/comments?post=2631"}],"version-history":[{"count":0,"href":"https:\/\/viadinaricakosovo.com\/sq\/wp-json\/wp\/v2\/posts\/2631\/revisions"}],"wp:featuredmedia":[{"embeddable":true,"href":"https:\/\/viadinaricakosovo.com\/sq\/wp-json\/wp\/v2\/media\/2420"}],"wp:attachment":[{"href":"https:\/\/viadinaricakosovo.com\/sq\/wp-json\/wp\/v2\/media?parent=2631"}],"wp:term":[{"taxonomy":"category","embeddable":true,"href":"https:\/\/viadinaricakosovo.com\/sq\/wp-json\/wp\/v2\/categories?post=2631"},{"taxonomy":"post_tag","embeddable":true,"href":"https:\/\/viadinaricakosovo.com\/sq\/wp-json\/wp\/v2\/tags?post=2631"}],"curies":[{"name":"wp","href":"https:\/\/api.w.org\/{rel}","templated":true}]}}